{"id":1613,"date":"2019-03-20T22:15:39","date_gmt":"2019-03-20T21:15:39","guid":{"rendered":"http:\/\/entropie.org\/maths-sciences\/?p=1613"},"modified":"2019-03-20T22:58:49","modified_gmt":"2019-03-20T21:58:49","slug":"reforme-du-lycee-professionnel","status":"publish","type":"post","link":"https:\/\/entropie.org\/maths-sciences\/index.php\/2019\/03\/20\/reforme-du-lycee-professionnel\/","title":{"rendered":"R\u00e9forme du lyc\u00e9e professionnel"},"content":{"rendered":"\n<p>Les diff\u00e9rents \u00e9l\u00e9ments apparaissent au fur et \u00e0 mesure sur <a rel=\"noreferrer noopener\" aria-label=\"cette page (s\u2019ouvre dans un nouvel onglet)\" href=\"http:\/\/eduscol.education.fr\/cid133260\/transformer-le-lycee-professionnel.html\" target=\"_blank\">cette page<\/a> d&rsquo;\u00c9duscol. D&rsquo;apr\u00e8s un <a rel=\"noreferrer noopener\" aria-label=\"document de travail (s\u2019ouvre dans un nouvel onglet)\" href=\"http:\/\/cache.media.eduscol.education.fr\/file\/lycee_pro_2018\/52\/8\/Les_14_familles_de_metiers_pour_la_seconde_professionnelle_1051528.pdf\" target=\"_blank\">document de travail<\/a>, sur les 14 familles de m\u00e9tiers potentielles, d\u00e9ployables en 3 vagues jusqu&rsquo;en septembre 2021, le bac pro MV d\u00e9pendrait de la famille \u00ab\u00a0m\u00e9tiers de la maintenance\u00a0\u00bb, le bac pro TU d\u00e9pendrait de la famille \u00ab\u00a0m\u00e9tiers de la r\u00e9alisation de produits m\u00e9caniques\u00a0\u00bb, le bac pro MELEC d\u00e9pendrait de la famille \u00ab\u00a0m\u00e9tiers du num\u00e9rique et de la transition \u00e9nerg\u00e9tique\u00a0\u00bb.<\/p>\n","protected":false},"excerpt":{"rendered":"<p>Les diff\u00e9rents \u00e9l\u00e9ments apparaissent au fur et \u00e0 mesure sur cette page d&rsquo;\u00c9duscol. D&rsquo;apr\u00e8s un document de travail, sur les 14 familles de m\u00e9tiers potentielles, d\u00e9ployables en 3 vagues jusqu&rsquo;en septembre 2021, le bac pro MV d\u00e9pendrait de la famille \u00ab\u00a0m\u00e9tiers de la maintenance\u00a0\u00bb, le bac pro TU d\u00e9pendrait de la famille \u00ab\u00a0m\u00e9tiers de la &hellip; <a href=\"https:\/\/entropie.org\/maths-sciences\/index.php\/2019\/03\/20\/reforme-du-lycee-professionnel\/\" class=\"more-link\">Continuer la lecture<span class=\"screen-reader-text\"> de &laquo;&nbsp;R\u00e9forme du lyc\u00e9e professionnel&nbsp;&raquo;<\/span><\/a><\/p>\n","protected":false},"author":2,"featured_media":0,"comment_status":"open","ping_status":"open","sticky":false,"template":"","format":"standard","meta":[],"categories":[20],"tags":[],"_links":{"self":[{"href":"https:\/\/entropie.org\/maths-sciences\/index.php\/wp-json\/wp\/v2\/posts\/1613"}],"collection":[{"href":"https:\/\/entropie.org\/maths-sciences\/index.php\/wp-json\/wp\/v2\/posts"}],"about":[{"href":"https:\/\/entropie.org\/maths-sciences\/index.php\/wp-json\/wp\/v2\/types\/post"}],"author":[{"embeddable":true,"href":"https:\/\/entropie.org\/maths-sciences\/index.php\/wp-json\/wp\/v2\/users\/2"}],"replies":[{"embeddable":true,"href":"https:\/\/entropie.org\/maths-sciences\/index.php\/wp-json\/wp\/v2\/comments?post=1613"}],"version-history":[{"count":11,"href":"https:\/\/entropie.org\/maths-sciences\/index.php\/wp-json\/wp\/v2\/posts\/1613\/revisions"}],"predecessor-version":[{"id":1624,"href":"https:\/\/entropie.org\/maths-sciences\/index.php\/wp-json\/wp\/v2\/posts\/1613\/revisions\/1624"}],"wp:attachment":[{"href":"https:\/\/entropie.org\/maths-sciences\/index.php\/wp-json\/wp\/v2\/media?parent=1613"}],"wp:term":[{"taxonomy":"category","embeddable":true,"href":"https:\/\/entropie.org\/maths-sciences\/index.php\/wp-json\/wp\/v2\/categories?post=1613"},{"taxonomy":"post_tag","embeddable":true,"href":"https:\/\/entropie.org\/maths-sciences\/index.php\/wp-json\/wp\/v2\/tags?post=1613"}],"curies":[{"name":"wp","href":"https:\/\/api.w.org\/{rel}","templated":true}]}}