{"id":2083,"date":"2020-03-17T20:05:50","date_gmt":"2020-03-17T19:05:50","guid":{"rendered":"http:\/\/entropie.org\/maths-sciences\/?p=2083"},"modified":"2021-05-24T17:00:32","modified_gmt":"2021-05-24T15:00:32","slug":"covid-19-en-france-italie-espagne-et-allemagne","status":"publish","type":"post","link":"https:\/\/entropie.org\/maths-sciences\/index.php\/2020\/03\/17\/covid-19-en-france-italie-espagne-et-allemagne\/","title":{"rendered":"Covid-19 en France, Italie, Espagne et Allemagne"},"content":{"rendered":"<p>Mis \u00e0 jour le 14\/04\/2021.<\/p>\n<p>Pour mesurer la dynamique de l&rsquo;\u00e9pid\u00e9mie :<\/p>\n<p><img decoding=\"async\" loading=\"lazy\" src=\"https:\/\/entropie.org\/maths-sciences\/wp-content\/uploads\/2020\/09\/evolution-epidemie-161x300.png\" alt=\"\" width=\"161\" height=\"300\" class=\"alignnone size-medium wp-image-3022\" srcset=\"https:\/\/entropie.org\/maths-sciences\/wp-content\/uploads\/2020\/09\/evolution-epidemie-161x300.png 161w, https:\/\/entropie.org\/maths-sciences\/wp-content\/uploads\/2020\/09\/evolution-epidemie.png 273w\" sizes=\"(max-width: 161px) 85vw, 161px\" \/><\/p>\n<p>Le 17\/03\/2020, au moment du confinement, <strong>a=0,297<\/strong> (voir plus bas). Le nombre de cas est multipli\u00e9 par 10 tous les 8 jours environ.<br \/>\n&#8230;<br \/>\nLe 01\/09\/2020, au moment de la rentr\u00e9e, <strong>a=0,018<\/strong>. Le nombre de cas est multipli\u00e9 par 10 tous les 128 jours environ.<br \/>\nLe 01\/10\/2020, <strong>a=0,022<\/strong>. Le nombre de cas est multipli\u00e9 par 10 tous les 105 jours environ.<br \/>\nLe 01\/11\/2020, <strong>a=0,035<\/strong>. Le nombre de cas est multipli\u00e9 par 10 tous les 66 jours environ.<br \/>\n&#8230;<br \/>\nLe 01\/03\/2021, <strong>a=0,006<\/strong>. Le nombre de cas est multipli\u00e9 par 10 tous les 384 jours environ.<br \/>\nLe 01\/04\/2021, <strong>a=0,008<\/strong>. Le nombre de cas est multipli\u00e9 par 10 tous les 288 jours environ.<\/p>\n<p>14\/04\/2021<br \/>\n<a href=\"https:\/\/entropie.org\/maths-sciences\/wp-content\/uploads\/2021\/04\/covid-europe-20210414.png\"><img decoding=\"async\" loading=\"lazy\" src=\"https:\/\/entropie.org\/maths-sciences\/wp-content\/uploads\/2021\/04\/covid-europe-20210414-300x223.png\" alt=\"\" width=\"300\" height=\"223\" class=\"alignnone size-medium wp-image-3461\" srcset=\"https:\/\/entropie.org\/maths-sciences\/wp-content\/uploads\/2021\/04\/covid-europe-20210414-300x223.png 300w, https:\/\/entropie.org\/maths-sciences\/wp-content\/uploads\/2021\/04\/covid-europe-20210414-768x571.png 768w, https:\/\/entropie.org\/maths-sciences\/wp-content\/uploads\/2021\/04\/covid-europe-20210414.png 849w\" sizes=\"(max-width: 300px) 85vw, 300px\" \/><\/a><br \/>\n<a href=\"https:\/\/entropie.org\/maths-sciences\/wp-content\/uploads\/2021\/04\/covid-europe-nv-cas-20210414.png\"><img decoding=\"async\" loading=\"lazy\" src=\"https:\/\/entropie.org\/maths-sciences\/wp-content\/uploads\/2021\/04\/covid-europe-nv-cas-20210414-300x223.png\" alt=\"\" width=\"300\" height=\"223\" class=\"alignnone size-medium wp-image-3466\" srcset=\"https:\/\/entropie.org\/maths-sciences\/wp-content\/uploads\/2021\/04\/covid-europe-nv-cas-20210414-300x223.png 300w, https:\/\/entropie.org\/maths-sciences\/wp-content\/uploads\/2021\/04\/covid-europe-nv-cas-20210414-768x571.png 768w, https:\/\/entropie.org\/maths-sciences\/wp-content\/uploads\/2021\/04\/covid-europe-nv-cas-20210414.png 849w\" sizes=\"(max-width: 300px) 85vw, 300px\" \/><\/a><br \/>\n<a href=\"https:\/\/entropie.org\/maths-sciences\/wp-content\/uploads\/2021\/04\/covid-europe-deces-20210414.png\"><img decoding=\"async\" loading=\"lazy\" src=\"https:\/\/entropie.org\/maths-sciences\/wp-content\/uploads\/2021\/04\/covid-europe-deces-20210414-300x223.png\" alt=\"\" width=\"300\" height=\"223\" class=\"alignnone size-medium wp-image-3465\" srcset=\"https:\/\/entropie.org\/maths-sciences\/wp-content\/uploads\/2021\/04\/covid-europe-deces-20210414-300x223.png 300w, https:\/\/entropie.org\/maths-sciences\/wp-content\/uploads\/2021\/04\/covid-europe-deces-20210414-768x571.png 768w, https:\/\/entropie.org\/maths-sciences\/wp-content\/uploads\/2021\/04\/covid-europe-deces-20210414.png 849w\" sizes=\"(max-width: 300px) 85vw, 300px\" \/><\/a><br \/>\nDynamique sur les 2 derni\u00e8res semaines : <strong>a=0,00699<\/strong><br \/>\n<a href=\"https:\/\/entropie.org\/maths-sciences\/wp-content\/uploads\/2021\/04\/covid-europe-20210414-log-2-dernieres-semaines.png\"><img decoding=\"async\" loading=\"lazy\" src=\"https:\/\/entropie.org\/maths-sciences\/wp-content\/uploads\/2021\/04\/covid-europe-20210414-log-2-dernieres-semaines-300x221.png\" alt=\"\" width=\"300\" height=\"221\" class=\"alignnone size-medium wp-image-3462\" srcset=\"https:\/\/entropie.org\/maths-sciences\/wp-content\/uploads\/2021\/04\/covid-europe-20210414-log-2-dernieres-semaines-300x221.png 300w, https:\/\/entropie.org\/maths-sciences\/wp-content\/uploads\/2021\/04\/covid-europe-20210414-log-2-dernieres-semaines-768x566.png 768w, https:\/\/entropie.org\/maths-sciences\/wp-content\/uploads\/2021\/04\/covid-europe-20210414-log-2-dernieres-semaines.png 849w\" sizes=\"(max-width: 300px) 85vw, 300px\" \/><\/a><br \/>\nDepuis le 04\/12\/2020 (minimum local pour les nouveaux cas en France)<br \/>\n<a href=\"https:\/\/entropie.org\/maths-sciences\/wp-content\/uploads\/2021\/04\/covid-europe-20210414-log-depuis-20201204.png\"><img decoding=\"async\" loading=\"lazy\" src=\"https:\/\/entropie.org\/maths-sciences\/wp-content\/uploads\/2021\/04\/covid-europe-20210414-log-depuis-20201204-300x221.png\" alt=\"\" width=\"300\" height=\"221\" class=\"alignnone size-medium wp-image-3464\" srcset=\"https:\/\/entropie.org\/maths-sciences\/wp-content\/uploads\/2021\/04\/covid-europe-20210414-log-depuis-20201204-300x221.png 300w, https:\/\/entropie.org\/maths-sciences\/wp-content\/uploads\/2021\/04\/covid-europe-20210414-log-depuis-20201204-768x566.png 768w, https:\/\/entropie.org\/maths-sciences\/wp-content\/uploads\/2021\/04\/covid-europe-20210414-log-depuis-20201204.png 849w\" sizes=\"(max-width: 300px) 85vw, 300px\" \/><\/a><br \/>\nDepuis le 17\/08\/2020 (2 semaines avant la rentr\u00e9e de septembre)<br \/>\n<a href=\"https:\/\/entropie.org\/maths-sciences\/wp-content\/uploads\/2021\/04\/covid-europe-20210414-log-depuis-20200817.png\"><img decoding=\"async\" loading=\"lazy\" src=\"https:\/\/entropie.org\/maths-sciences\/wp-content\/uploads\/2021\/04\/covid-europe-20210414-log-depuis-20200817-300x221.png\" alt=\"\" width=\"300\" height=\"221\" class=\"alignnone size-medium wp-image-3463\" srcset=\"https:\/\/entropie.org\/maths-sciences\/wp-content\/uploads\/2021\/04\/covid-europe-20210414-log-depuis-20200817-300x221.png 300w, https:\/\/entropie.org\/maths-sciences\/wp-content\/uploads\/2021\/04\/covid-europe-20210414-log-depuis-20200817-768x566.png 768w, https:\/\/entropie.org\/maths-sciences\/wp-content\/uploads\/2021\/04\/covid-europe-20210414-log-depuis-20200817.png 849w\" sizes=\"(max-width: 300px) 85vw, 300px\" \/><\/a><br \/>\n17\/03\/2020 : Confinement en France<br \/>\n<a href=\"https:\/\/entropie.org\/maths-sciences\/wp-content\/uploads\/2020\/03\/covid-europe-20200317.png\"><img decoding=\"async\" loading=\"lazy\" src=\"https:\/\/entropie.org\/maths-sciences\/wp-content\/uploads\/2020\/03\/covid-europe-20200317-300x216.png\" alt=\"\" width=\"300\" height=\"216\" class=\"alignnone size-medium wp-image-2110\" srcset=\"https:\/\/entropie.org\/maths-sciences\/wp-content\/uploads\/2020\/03\/covid-europe-20200317-300x216.png 300w, https:\/\/entropie.org\/maths-sciences\/wp-content\/uploads\/2020\/03\/covid-europe-20200317-768x553.png 768w, https:\/\/entropie.org\/maths-sciences\/wp-content\/uploads\/2020\/03\/covid-europe-20200317.png 849w\" sizes=\"(max-width: 300px) 85vw, 300px\" \/><\/a><br \/>\nJ\u2019ai r\u00e9colt\u00e9 les donn\u00e9es brutes sur :<br \/>\n<a href=\"https:\/\/www.santepubliquefrance.fr\/maladies-et-traumatismes\/maladies-et-infections-respiratoires\/infection-a-coronavirus\/articles\/infection-au-nouveau-coronavirus-sars-cov-2-covid-19-france-et-monde\" rel=\"noopener noreferrer\" target=\"_blank\">Sant\u00e9 publique France<\/a> (France) => <a href=\"https:\/\/mapthenews.maps.arcgis.com\/apps\/opsdashboard\/index.html#\/5df19abcf8714bc590a3b143e14a548c\" rel=\"noopener noreferrer\" target=\"_blank\">Carte<\/a><br \/>\n<a href=\"http:\/\/www.salute.gov.it\/nuovocoronavirus\" rel=\"noopener noreferrer\" target=\"_blank\">Ministero della Salute<\/a> (Italie) => <a href=\"https:\/\/github.com\/pcm-dpc\/COVID-19\/tree\/master\/dati-andamento-nazionale\" target=\"_blank\" rel=\"noopener noreferrer\">Donn\u00e9es journali\u00e8res<\/a> \/ <a href=\"https:\/\/www.arcgis.com\/apps\/opsdashboard\/index.html#\/b0c68bce2cce478eaac82fe38d4138b1\" rel=\"noopener noreferrer\" target=\"_blank\">Carte<\/a><br \/>\n<a href=\"https:\/\/twitter.com\/sanidadgob\" rel=\"noopener noreferrer\" target=\"_blank\">Ministerio de Sanidad<\/a> (Espagne) => <a href=\"https:\/\/covid19.isciii.es\/\" rel=\"noopener noreferrer\" target=\"_blank\">Carte<\/a> \/ <a href=\"https:\/\/experience.arcgis.com\/experience\/50d6c4c5599a43f4bebf517daa3a97b6\" rel=\"noopener noreferrer\" target=\"_blank\">Carte<\/a><br \/>\n<a href=\"https:\/\/www.rki.de\/DE\/Content\/InfAZ\/N\/Neuartiges_Coronavirus\/Situationsberichte\/Gesamt.html\" rel=\"noopener noreferrer\" target=\"_blank\">Robert Koch Institut<\/a> (Allemagne) => <a href=\"https:\/\/www.arcgis.com\/apps\/opsdashboard\/index.html#\/2694322fc7894bf5886647f652f093ca\" rel=\"noopener noreferrer\" target=\"_blank\">Carte<\/a><\/p>\n<p><a href=\"https:\/\/geodes.santepubliquefrance.fr\" rel=\"noopener noreferrer\" target=\"_blank\">G\u00e9odes<\/a> : Sant\u00e9 publique France &#8211; Cartes, donn\u00e9es et graphiques.<br \/>\nDes donn\u00e9es compl\u00e9mentaires sont disponibles sur <a href=\"https:\/\/mapthenews.maps.arcgis.com\/apps\/opsdashboard\/index.html#\/5df19abcf8714bc590a3b143e14a548c\" rel=\"noopener noreferrer\" target=\"_blank\">cette carte<\/a> et sur <a href=\"https:\/\/covidtracker.fr\/\" rel=\"noopener\" target=\"_blank\">CovidTracker<\/a>.<br \/>\nEn France, exceptionnellement, pendant la pand\u00e9mie du Covid-19, l\u2019INSEE diffuse le nombre de d\u00e9c\u00e8s par jour et par d\u00e9partement et compare ces donn\u00e9es \u00e0 celles de 2018 et 2019  : <a href=\"https:\/\/www.insee.fr\/fr\/statistiques\/4487854\" rel=\"noopener noreferrer\" target=\"_blank\">https:\/\/www.insee.fr\/fr\/statistiques\/4487854<\/a>.<\/p>\n<p><a href=\"https:\/\/solidarites-sante.gouv.fr\/actualites\/presse\/dossiers-de-presse\/article\/conseil-scientifique-covid-19\" rel=\"noopener noreferrer\" target=\"_blank\">Conseil scientifique COVID-19<\/a>.<br \/>\n<a href=\"https:\/\/www.google.com\/covid19\/mobility\/\" rel=\"noopener noreferrer\" target=\"_blank\">Rapports sur la mobilit\u00e9 de la communaut\u00e9<\/a> (Google).<br \/>\n<a href=\"https:\/\/fr.unesco.org\/covid19\/educationresponse\" rel=\"noopener noreferrer\" target=\"_blank\">Suivi mondial des fermetures d&rsquo;\u00e9tablissements scolaires<\/a> (Unesco).<br \/>\n<a href=\"https:\/\/www.google.com\/maps\/d\/viewer?mid=1qSrisw1eZhc_imfnmmIvqeq9jjZG7VY1&#038;ll=48.390625604709925%2C6.537248840773248&#038;z=4\" rel=\"noopener noreferrer\" target=\"_blank\">Carte des classes et \u00e9coles ferm\u00e9es pour cas de Covid<\/a> (Stylos Rouges).<\/p>\n<p>En Bretagne : <a href=\"https:\/\/www.bretagne.ars.sante.fr\/coronavirus-communiques-de-presse\" rel=\"noopener noreferrer\" target=\"_blank\">ARS Bretagne<\/a>.<\/p>\n","protected":false},"excerpt":{"rendered":"<p>Mis \u00e0 jour le 14\/04\/2021. Pour mesurer la dynamique de l&rsquo;\u00e9pid\u00e9mie : Le 17\/03\/2020, au moment du confinement, a=0,297 (voir plus bas). Le nombre de cas est multipli\u00e9 par 10 tous les 8 jours environ. &#8230; Le 01\/09\/2020, au moment de la rentr\u00e9e, a=0,018. Le nombre de cas est multipli\u00e9 par 10 tous les 128 &hellip; <a href=\"https:\/\/entropie.org\/maths-sciences\/index.php\/2020\/03\/17\/covid-19-en-france-italie-espagne-et-allemagne\/\" class=\"more-link\">Continuer la lecture<span class=\"screen-reader-text\"> de &laquo;&nbsp;Covid-19 en France, Italie, Espagne et Allemagne&nbsp;&raquo;<\/span><\/a><\/p>\n","protected":false},"author":2,"featured_media":0,"comment_status":"open","ping_status":"open","sticky":false,"template":"","format":"standard","meta":[],"categories":[3],"tags":[],"_links":{"self":[{"href":"https:\/\/entropie.org\/maths-sciences\/index.php\/wp-json\/wp\/v2\/posts\/2083"}],"collection":[{"href":"https:\/\/entropie.org\/maths-sciences\/index.php\/wp-json\/wp\/v2\/posts"}],"about":[{"href":"https:\/\/entropie.org\/maths-sciences\/index.php\/wp-json\/wp\/v2\/types\/post"}],"author":[{"embeddable":true,"href":"https:\/\/entropie.org\/maths-sciences\/index.php\/wp-json\/wp\/v2\/users\/2"}],"replies":[{"embeddable":true,"href":"https:\/\/entropie.org\/maths-sciences\/index.php\/wp-json\/wp\/v2\/comments?post=2083"}],"version-history":[{"count":159,"href":"https:\/\/entropie.org\/maths-sciences\/index.php\/wp-json\/wp\/v2\/posts\/2083\/revisions"}],"predecessor-version":[{"id":3626,"href":"https:\/\/entropie.org\/maths-sciences\/index.php\/wp-json\/wp\/v2\/posts\/2083\/revisions\/3626"}],"wp:attachment":[{"href":"https:\/\/entropie.org\/maths-sciences\/index.php\/wp-json\/wp\/v2\/media?parent=2083"}],"wp:term":[{"taxonomy":"category","embeddable":true,"href":"https:\/\/entropie.org\/maths-sciences\/index.php\/wp-json\/wp\/v2\/categories?post=2083"},{"taxonomy":"post_tag","embeddable":true,"href":"https:\/\/entropie.org\/maths-sciences\/index.php\/wp-json\/wp\/v2\/tags?post=2083"}],"curies":[{"name":"wp","href":"https:\/\/api.w.org\/{rel}","templated":true}]}}